{"id":3653,"date":"2020-12-29T17:05:57","date_gmt":"2020-12-29T16:05:57","guid":{"rendered":"https:\/\/www.pensionfelinebretagnecentre.com\/?p=3653"},"modified":"2020-12-29T17:05:57","modified_gmt":"2020-12-29T16:05:57","slug":"chaton-de-3-mois-a-la-pension","status":"publish","type":"post","link":"https:\/\/www.pensionfelinebretagnecentre.com\/pfbc\/?p=3653","title":{"rendered":"Ruben, chaton de 3 mois \u00e0 la pension pour les f\u00eates"},"content":{"rendered":"<h1>Ruben, chaton de 3 mois en s\u00e9jour \u00e0 la pension pour les f\u00eates<\/h1>\n<p>Il promet d&rsquo; \u00eatre un magnifique chat dans quelques mois avec son poil mi-long.<\/p>\n<p>Regardez ses yeux et le petit trait de liner \u00e0 l&rsquo; int\u00e9rieur de chacun d&rsquo; eux.<\/p>\n<p>Ruben habite \u00e0 St-Vran avec ses ma\u00eetres et il a anim\u00e9 la Pension pendant quelques jours. Escalade, jeux, chasse, rien ne l&rsquo;arr\u00eate.<\/p>\n<p>Il respire la joie de vivre!<\/p>\n\n\n<iframe loading=\"lazy\" width=\"560\" height=\"315\" src=\"https:\/\/www.youtube.com\/embed\/y-9FwEfUgdc\" frameborder=\"0\" allow=\"accelerometer; autoplay; clipboard-write; encrypted-media; gyroscope; picture-in-picture\" allowfullscreen><\/iframe>\n","protected":false},"excerpt":{"rendered":"<p>Ruben, chaton de 3 mois en s\u00e9jour \u00e0 la pension pour les f\u00eates Il promet d&rsquo; \u00eatre un magnifique chat dans quelques mois avec son poil mi-long. Regardez ses yeux et le petit trait de liner \u00e0 l&rsquo; int\u00e9rieur de chacun d&rsquo; eux. Ruben habite \u00e0 St-Vran avec ses ma\u00eetres et il a anim\u00e9 la [&hellip;]<\/p>\n","protected":false},"author":1,"featured_media":3654,"comment_status":"open","ping_status":"open","sticky":false,"template":"","format":"standard","meta":{"_jetpack_memberships_contains_paid_content":false,"footnotes":""},"categories":[25,36,21,27],"tags":[113,114,115,116,117,118,119,120,121],"class_list":["post-3653","post","type-post","status-publish","format-standard","has-post-thumbnail","hentry","category-beaux-chats","category-nos-pensionnaires","category-pageaccueilquoideneuf","category-pagephotos","tag-catsboardingbrittany","tag-gardedechatbretagnecentre","tag-gardedechatmerdrignac-pension-pour-chat","tag-pensionfelinecotesdarmor","tag-pensionfelinestmeenlegrand","tag-pensionpourchatjosselin","tag-pensionpourchatloudeac","tag-pensionpourchatmorbihan","tag-pontivygardedechat"],"jetpack_featured_media_url":"https:\/\/www.pensionfelinebretagnecentre.com\/pfbc\/wp-content\/uploads\/2020\/12\/Pension-Feline-Bretagne-Centre-Cotes-d-Armor.jpg","jetpack_sharing_enabled":true,"_links":{"self":[{"href":"https:\/\/www.pensionfelinebretagnecentre.com\/pfbc\/index.php?rest_route=\/wp\/v2\/posts\/3653","targetHints":{"allow":["GET"]}}],"collection":[{"href":"https:\/\/www.pensionfelinebretagnecentre.com\/pfbc\/index.php?rest_route=\/wp\/v2\/posts"}],"about":[{"href":"https:\/\/www.pensionfelinebretagnecentre.com\/pfbc\/index.php?rest_route=\/wp\/v2\/types\/post"}],"author":[{"embeddable":true,"href":"https:\/\/www.pensionfelinebretagnecentre.com\/pfbc\/index.php?rest_route=\/wp\/v2\/users\/1"}],"replies":[{"embeddable":true,"href":"https:\/\/www.pensionfelinebretagnecentre.com\/pfbc\/index.php?rest_route=%2Fwp%2Fv2%2Fcomments&post=3653"}],"version-history":[{"count":0,"href":"https:\/\/www.pensionfelinebretagnecentre.com\/pfbc\/index.php?rest_route=\/wp\/v2\/posts\/3653\/revisions"}],"wp:featuredmedia":[{"embeddable":true,"href":"https:\/\/www.pensionfelinebretagnecentre.com\/pfbc\/index.php?rest_route=\/wp\/v2\/media\/3654"}],"wp:attachment":[{"href":"https:\/\/www.pensionfelinebretagnecentre.com\/pfbc\/index.php?rest_route=%2Fwp%2Fv2%2Fmedia&parent=3653"}],"wp:term":[{"taxonomy":"category","embeddable":true,"href":"https:\/\/www.pensionfelinebretagnecentre.com\/pfbc\/index.php?rest_route=%2Fwp%2Fv2%2Fcategories&post=3653"},{"taxonomy":"post_tag","embeddable":true,"href":"https:\/\/www.pensionfelinebretagnecentre.com\/pfbc\/index.php?rest_route=%2Fwp%2Fv2%2Ftags&post=3653"}],"curies":[{"name":"wp","href":"https:\/\/api.w.org\/{rel}","templated":true}]}}